{"id":2007,"date":"2019-02-14T12:45:50","date_gmt":"2019-02-14T11:45:50","guid":{"rendered":"http:\/\/neu.mariobuerki.ch\/?p=2007"},"modified":"2019-02-14T12:45:50","modified_gmt":"2019-02-14T11:45:50","slug":"gastdirigent-bei-der-seelaendischen-jugend-brass-band","status":"publish","type":"post","link":"https:\/\/www.mariobuerki.ch\/en\/2019\/02\/14\/gastdirigent-bei-der-seelaendischen-jugend-brass-band\/","title":{"rendered":"Guest conductor by the Seel\u00e4ndischen Jugend Brass Band"},"content":{"rendered":"<div class=\"fusion-fullwidth fullwidth-box fusion-builder-row-1 nonhundred-percent-fullwidth non-hundred-percent-height-scrolling\" style=\"--awb-border-radius-top-left:0px;--awb-border-radius-top-right:0px;--awb-border-radius-bottom-right:0px;--awb-border-radius-bottom-left:0px;--awb-flex-wrap:wrap;\" ><div class=\"fusion-builder-row fusion-row\"><div class=\"fusion-layout-column fusion_builder_column fusion-builder-column-0 fusion_builder_column_1_1 1_1 fusion-one-full fusion-column-first fusion-column-last\" style=\"--awb-bg-size:cover;\"><div class=\"fusion-column-wrapper fusion-flex-column-wrapper-legacy\"><div class=\"fusion-text fusion-text-1\"><p class=\"translation-block\"><span style=\"float: none;background-color: transparent;color: #666666;font-family: 'Open Sans',sans-serif;font-size: 15px;font-style: normal;font-variant: normal;font-weight: 300;letter-spacing: normal;text-align: left;text-decoration: none;text-indent: 0px;text-transform: none;white-space: normal\">From 27 July - 2 August 2019 the 17th camp of the Seel\u00e4nder Youth Brass Band will take place in the beautiful Saanenland, more precisely in Sch\u00f6nried in the beautiful holiday home L\u00e4nggasse. The camp SJBB 2019 will be conducted by the Swiss composer Mario B\u00fcrki. The concerts will take place on 1, 3 and 4 August 2019.<\/span><\/p>\n<p><a href=\"https:\/\/www.sjbb.ch\">Infos<\/a><\/p>\n<\/div><div class=\"fusion-clearfix\"><\/div><\/div><\/div><\/div><\/div>","protected":false},"excerpt":{"rendered":"","protected":false},"author":1,"featured_media":2008,"comment_status":"open","ping_status":"open","sticky":false,"template":"","format":"standard","meta":{"footnotes":""},"categories":[1],"tags":[],"class_list":["post-2007","post","type-post","status-publish","format-standard","has-post-thumbnail","hentry","category-allgemein"],"_links":{"self":[{"href":"https:\/\/www.mariobuerki.ch\/en\/wp-json\/wp\/v2\/posts\/2007","targetHints":{"allow":["GET"]}}],"collection":[{"href":"https:\/\/www.mariobuerki.ch\/en\/wp-json\/wp\/v2\/posts"}],"about":[{"href":"https:\/\/www.mariobuerki.ch\/en\/wp-json\/wp\/v2\/types\/post"}],"author":[{"embeddable":true,"href":"https:\/\/www.mariobuerki.ch\/en\/wp-json\/wp\/v2\/users\/1"}],"replies":[{"embeddable":true,"href":"https:\/\/www.mariobuerki.ch\/en\/wp-json\/wp\/v2\/comments?post=2007"}],"version-history":[{"count":1,"href":"https:\/\/www.mariobuerki.ch\/en\/wp-json\/wp\/v2\/posts\/2007\/revisions"}],"predecessor-version":[{"id":2009,"href":"https:\/\/www.mariobuerki.ch\/en\/wp-json\/wp\/v2\/posts\/2007\/revisions\/2009"}],"wp:featuredmedia":[{"embeddable":true,"href":"https:\/\/www.mariobuerki.ch\/en\/wp-json\/wp\/v2\/media\/2008"}],"wp:attachment":[{"href":"https:\/\/www.mariobuerki.ch\/en\/wp-json\/wp\/v2\/media?parent=2007"}],"wp:term":[{"taxonomy":"category","embeddable":true,"href":"https:\/\/www.mariobuerki.ch\/en\/wp-json\/wp\/v2\/categories?post=2007"},{"taxonomy":"post_tag","embeddable":true,"href":"https:\/\/www.mariobuerki.ch\/en\/wp-json\/wp\/v2\/tags?post=2007"}],"curies":[{"name":"wp","href":"https:\/\/api.w.org\/{rel}","templated":true}]}}