{"id":2440,"date":"2023-04-18T15:09:19","date_gmt":"2023-04-18T13:09:19","guid":{"rendered":"https:\/\/www.mariobuerki.ch\/?p=2440"},"modified":"2023-04-18T15:12:22","modified_gmt":"2023-04-18T13:12:22","slug":"konzert-jugendblasorchester-zuerich","status":"publish","type":"post","link":"https:\/\/www.mariobuerki.ch\/en\/2023\/04\/18\/konzert-jugendblasorchester-zuerich\/","title":{"rendered":"Konzert Jugendblasorchester Z\u00fcrich"},"content":{"rendered":"<div class=\"fusion-fullwidth fullwidth-box fusion-builder-row-1 fusion-flex-container has-pattern-background has-mask-background nonhundred-percent-fullwidth non-hundred-percent-height-scrolling\" style=\"--awb-border-radius-top-left:0px;--awb-border-radius-top-right:0px;--awb-border-radius-bottom-right:0px;--awb-border-radius-bottom-left:0px;--awb-flex-wrap:wrap;\" ><div class=\"fusion-builder-row fusion-row fusion-flex-align-items-flex-start fusion-flex-content-wrap\" style=\"max-width:1144px;margin-left: calc(-4% \/ 2 );margin-right: calc(-4% \/ 2 );\"><div class=\"fusion-layout-column fusion_builder_column fusion-builder-column-0 fusion_builder_column_1_1 1_1 fusion-flex-column\" style=\"--awb-bg-size:cover;--awb-width-large:100%;--awb-margin-top-large:0px;--awb-spacing-right-large:1.92%;--awb-margin-bottom-large:20px;--awb-spacing-left-large:1.92%;--awb-width-medium:100%;--awb-order-medium:0;--awb-spacing-right-medium:1.92%;--awb-spacing-left-medium:1.92%;--awb-width-small:100%;--awb-order-small:0;--awb-spacing-right-small:1.92%;--awb-spacing-left-small:1.92%;\"><div class=\"fusion-column-wrapper fusion-column-has-shadow fusion-flex-justify-content-flex-start fusion-content-layout-column\"><div class=\"fusion-image-element\" style=\"--awb-caption-title-font-family:var(--h2_typography-font-family);--awb-caption-title-font-weight:var(--h2_typography-font-weight);--awb-caption-title-font-style:var(--h2_typography-font-style);--awb-caption-title-size:var(--h2_typography-font-size);--awb-caption-title-transform:var(--h2_typography-text-transform);--awb-caption-title-line-height:var(--h2_typography-line-height);--awb-caption-title-letter-spacing:var(--h2_typography-letter-spacing);\"><span class=\"fusion-imageframe imageframe-none imageframe-1 hover-type-none\"><img decoding=\"async\" width=\"1024\" height=\"305\" title=\"172090_ban_de_des\" src=\"https:\/\/www.mariobuerki.ch\/wp-content\/uploads\/2023\/04\/172090_ban_de_des-1024x305.jpeg\" alt class=\"img-responsive wp-image-2442\" srcset=\"https:\/\/www.mariobuerki.ch\/wp-content\/uploads\/2023\/04\/172090_ban_de_des-200x60.jpeg 200w, https:\/\/www.mariobuerki.ch\/wp-content\/uploads\/2023\/04\/172090_ban_de_des-400x119.jpeg 400w, https:\/\/www.mariobuerki.ch\/wp-content\/uploads\/2023\/04\/172090_ban_de_des-600x179.jpeg 600w, https:\/\/www.mariobuerki.ch\/wp-content\/uploads\/2023\/04\/172090_ban_de_des-800x239.jpeg 800w, https:\/\/www.mariobuerki.ch\/wp-content\/uploads\/2023\/04\/172090_ban_de_des.jpeg 1140w\" sizes=\"(max-width: 1024px) 100vw, (max-width: 640px) 100vw, 1024px\" \/><\/span><\/div><div class=\"fusion-text fusion-text-1\"><div class=\"event-description-container\">\n<h4 class=\"headline1 event-description-short organizer-shop-color-page-text-secondary\">FR\u00dcHLINGSKONZERT DES JUGENDBLASORCHESTER Z\u00dcRICH (JBOZ) MIT WERKEN VON SATOSHY YAGISAWA, MARIO B\u00dcRKI, ETIENNE CRAUSAZ, MICHAEL SWEENEY UND FERRER FERRAN.<\/h4>\n<div class=\"event-description-long organizer-shop-color-page-text\">\n<p>Das\u00a0<strong>Jugendblasorchester Z\u00fcrich (JBOZ)\u00a0<\/strong>ist ein Projektorchester von Musikschule Konservatorium Z\u00fcrich (MKZ) in Zusammenarbeit mit den Partnervereinen Jugendmusik Z\u00fcrich 11 (JMZ11), Knabenmusik der Stadt Z\u00fcrich (KMZ) und StadtJugendMusik Z\u00fcrich (SJMUZ). Dieses musikalische Grossprojekt ist offen f\u00fcr alle interessierten und blasmusikbegeisterten jungen Menschen von 15-25 Jahren von Stadt und Kanton Z\u00fcrich.<\/p>\n<p>Jeden Fr\u00fchling erarbeiten die Musiker*innen unter der Leitung des renommierten\u00a0<strong>Dirigenten Mario B\u00fcrki\u00a0<\/strong>ein hochstehendes Konzertrepertoire, das sie im Rahmen eines Gala-Konzertes in der Z\u00fcrcher Tonhalle auff\u00fchren. Das Projekt er\u00f6ffnet den jugendlichen Teilnehmenden ein erweitertes Klangerlebnis mit neuer Literatur in einem sinfonischen Klangk\u00f6rper. Mit den k\u00fcnstlerischen Herausforderungen, die das Mitspielen im JBOZ mit sich bringt, k\u00f6nnen die Teilnehmenden ihre pers\u00f6nlichen Spielf\u00e4higkeiten auf ein neues Niveau anheben und die gemachten Erfahrungen anschliessend wieder in ihre Vereine einfliessen lassen. So entsteht eine gegenseitige Befruchtung zwischen den Partnervereinen und dem Projektorchester, was letztlich auch einen Mehrwert f\u00fcr die Blasorchesterlandschaft in Z\u00fcrich und Umgebung bedeutet.<\/p>\n<\/div>\n<p>Das Konzert vom Konzert vom 23. April 2023 beginnt mit der <strong>\u00abSymphonic Episode\u00bb<\/strong>\u00a0von Satoshy Yagisawa gefolgt von\u00a0<strong>\u00abThe Saga of the Three Sisters\u00bb,<\/strong>\u00a0einer Eigenkomposition des Dirigenten Mario B\u00fcrki. Vor der Pause erklingen noch\u00a0<strong>\u00abThe Last Night of Fall\u00bb\u00a0<\/strong>von Etienne Crausaz sowie\u00a0<strong>\u00abEarth Dance\u00bb\u00a0<\/strong>von Michael Sweeney. Der 2. Konzertteil nach der Pause ist ganz dem spanischen Komponisten Ferrer Ferran gewidmet. Von ihm erklingt<strong>\u00a0\u00abL&#8217;Amistat\u00bb<\/strong>\u00a0und\u00a0als Hauptwerk des Abends:\u00a0<strong>\u00abLas Aventuras del Principito\u00bb.<\/strong><\/p>\n<div class=\"event-description-long organizer-shop-color-page-text\">\n<p>Gemeinsam in kurzer Zeit hochstehende Literatur zu erarbeiten und im Konzert aufzuf\u00fchren, schweisst nicht nur musikalisch, sondern auch pers\u00f6nlich zusammen. So ist einerseits der individuelle und vereins\u00fcbergreifende Austausch unter Gleichgesinnten ein weiterer wichtiger Aspekt dieses Projekts, andererseits entstehen im Rahmen der Konzertprojekte auch Freundschaften zwischen den Teilnehmenden, die \u00fcber die gemeinsame Zeit im JBOZ hinaus Bestand haben.<\/p>\n<\/div>\n<\/div>\n<div class=\"event-artists-container\">\n<p>Vorverkauf:<\/p>\n<p><a href=\"https:\/\/www.ticketino.com\/de\/Event\/Jugendblasorchester-Zuerich-JBOZ-Konzert-2023\/172090\">Jugendblasorchester Z\u00fcrich (JBOZ), Konzert 2023 &#8211; Tickets &#8211; 23.4.2023 &#8211; Z\u00fcrich (ticketino.com)<\/a><\/p>\n<\/div>\n<\/div><\/div><\/div><\/div><\/div>","protected":false},"excerpt":{"rendered":"","protected":false},"author":1,"featured_media":2444,"comment_status":"open","ping_status":"closed","sticky":false,"template":"","format":"standard","meta":{"footnotes":""},"categories":[1,278],"tags":[],"class_list":["post-2440","post","type-post","status-publish","format-standard","has-post-thumbnail","hentry","category-allgemein","category-konzerte"],"_links":{"self":[{"href":"https:\/\/www.mariobuerki.ch\/en\/wp-json\/wp\/v2\/posts\/2440","targetHints":{"allow":["GET"]}}],"collection":[{"href":"https:\/\/www.mariobuerki.ch\/en\/wp-json\/wp\/v2\/posts"}],"about":[{"href":"https:\/\/www.mariobuerki.ch\/en\/wp-json\/wp\/v2\/types\/post"}],"author":[{"embeddable":true,"href":"https:\/\/www.mariobuerki.ch\/en\/wp-json\/wp\/v2\/users\/1"}],"replies":[{"embeddable":true,"href":"https:\/\/www.mariobuerki.ch\/en\/wp-json\/wp\/v2\/comments?post=2440"}],"version-history":[{"count":5,"href":"https:\/\/www.mariobuerki.ch\/en\/wp-json\/wp\/v2\/posts\/2440\/revisions"}],"predecessor-version":[{"id":2448,"href":"https:\/\/www.mariobuerki.ch\/en\/wp-json\/wp\/v2\/posts\/2440\/revisions\/2448"}],"wp:featuredmedia":[{"embeddable":true,"href":"https:\/\/www.mariobuerki.ch\/en\/wp-json\/wp\/v2\/media\/2444"}],"wp:attachment":[{"href":"https:\/\/www.mariobuerki.ch\/en\/wp-json\/wp\/v2\/media?parent=2440"}],"wp:term":[{"taxonomy":"category","embeddable":true,"href":"https:\/\/www.mariobuerki.ch\/en\/wp-json\/wp\/v2\/categories?post=2440"},{"taxonomy":"post_tag","embeddable":true,"href":"https:\/\/www.mariobuerki.ch\/en\/wp-json\/wp\/v2\/tags?post=2440"}],"curies":[{"name":"wp","href":"https:\/\/api.w.org\/{rel}","templated":true}]}}